{"id":1506,"date":"2024-07-10T14:04:32","date_gmt":"2024-07-10T18:04:32","guid":{"rendered":"https:\/\/shoebill-campervan.ca\/2025\/12\/06\/el-campo-2024-le-festival-vanlife\/"},"modified":"2025-12-06T15:15:19","modified_gmt":"2025-12-06T19:15:19","slug":"el-campo-2024-le-festival-vanlife","status":"publish","type":"post","link":"https:\/\/shoebill-campervan.ca\/en\/2024\/07\/10\/el-campo-2024-le-festival-vanlife\/","title":{"rendered":"El Campo 2024 : le festival Vanlife"},"content":{"rendered":"<p class=\"o_default_snippet_text\" style=\"text-align: justify;\"><\/p>\n<p class=\"o_default_snippet_text\" style=\"text-align: justify;\">Pr\u00e9parez vos vans, sortez vos tentes, et rejoignez-nous au magnifique <a href=\"https:\/\/lacbrome.ca\" target=\"_blank\">Lac-Brome<\/a> pour El Campo 2024 ! Que vous soyez un passionn\u00e9 de vanlife exp\u00e9riment\u00e9 ou un curieux \u00e0 la recherche de nouvelles exp\u00e9riences, cet \u00e9v\u00e9nement est fait pour vous.&nbsp;<\/p>\n<p class=\"o_default_snippet_text\" style=\"text-align: justify;\"><\/p>\n<section class=\"s_carousel_wrapper\" data-vxml=\"001\" data-snippet=\"s_carousel\" data-name=\"Carrousel\">\n<div class=\"s_carousel s_carousel_default carousel slide\" data-bs-interval=\"10000\" id=\"myCarousel1720643299729\" style=\"background-image: none;\">\n<ol class=\"carousel-indicators o_we_no_overlay d-none\">\n<li data-bs-slide-to=\"0\" data-bs-target=\"#myCarousel1720643299729\" class=\"active\" aria-current=\"true\"><\/ol>\n<div class=\"carousel-inner\">\n<div class=\"carousel-item o_colored_level pb200 pt104 oe_img_bg o_bg_img_center active\" style='background-image: url(\"\/web\/image\/6307-557df47b\/side-view-happy-women-outdoors.webp\");' data-name=\"Slide\" data-mimetype=\"image\/webp\" data-original-id=\"6288\" data-original-src=\"\/web\/image\/6288-557df47b\/side-view-happy-women-outdoors.jpg\" data-mimetype-before-conversion=\"image\/jpeg\" data-resize-width=\"1280\">\n<div class=\"container oe_unremovable\">\n<div class=\"row\">\n<div class=\"carousel-content col-lg-8 offset-lg-2 bg-black-50 text-center pt48 pb40 o_colored_level\">\n<h2 class=\"display-3-fs o_default_snippet_text\">Le festival El Campo<\/h2>\n<p class=\"display-3-fs o_default_snippet_text\">du 30 ao\u00fbt-1 septembre 2024<\/p>\n<div class=\"s_hr pt8 pb24\" data-snippet=\"s_hr\" data-name=\"Separator\">\n<hr class=\"w-25 mx-auto\" style=\"border-top-width: 1px; border-top-style: solid;\">\n                                <\/div>\n<p class=\"lead o_default_snippet_text\">Ne ratez&nbsp;pas ce festival !<\/p>\n<p><a href=\"http:\/\/Participer%20au%20festival\" class=\"btn btn-primary\" data-bs-original-title=\"\" title=\"\" target=\"_blank\">Participer au festival<\/a><\/p>\n<\/p><\/div>\n<\/p><\/div>\n<\/p><\/div>\n<\/p><\/div>\n<\/p><\/div>\n<p>            <a class=\"carousel-control-prev o_not_editable o_we_no_overlay d-none\" data-bs-slide=\"prev\" role=\"img\" aria-label=\"Pr\u00e9c\u00e9dent\" title=\"Pr\u00e9c\u00e9dent\" href=\"#myCarousel1720643299729\"><br \/>\n                <span class=\"carousel-control-prev-icon\"><\/span><br \/>\n                <span class=\"visually-hidden o_default_snippet_text\">Pr\u00e9c\u00e9dent<\/span><br \/>\n            <\/a><br \/>\n            <a class=\"carousel-control-next o_not_editable o_we_no_overlay d-none\" data-bs-slide=\"next\" role=\"img\" aria-label=\"Suivant\" title=\"Suivant\" href=\"#myCarousel1720643299729\"><br \/>\n                <span class=\"carousel-control-next-icon\"><\/span><br \/>\n                <span class=\"visually-hidden o_default_snippet_text\">Suivant<\/span><br \/>\n            <\/a>\n        <\/div>\n<\/section>\n<p class=\"o_default_snippet_text\" style=\"text-align: justify;\"><\/p>\n<p class=\"o_default_snippet_text\" style=\"text-align: justify;\">Imaginez quatre jours de d\u00e9couverte, de partage, et de fun dans un cadre naturel \u00e0 couper le souffle !<\/p>\n<p style=\"text-align: justify;\">El Campo 2024 revient cette ann\u00e9e pour offrir une exp\u00e9rience unique aux passionn\u00e9s de vanlife, de camping et d&#8217;aventures en plein air. Situ\u00e9 au splendide Lac-Brome, cet \u00e9v\u00e9nement de quatre jours est une c\u00e9l\u00e9bration de la libert\u00e9, de la nature et de la communaut\u00e9. &nbsp;<\/p>\n<section class=\"s_picture o_colored_level o_cc o_cc1 pt0 pb0\" data-snippet=\"s_picture\" data-name=\"Image\">\n<div class=\"container\">\n<p style=\"text-align: center;\"><\/p>\n<div class=\"row s_nb_column_fixed\">\n<div class=\"col-lg-10 offset-lg-1 o_colored_level pb0\" style=\"text-align: center;\">\n<figure class=\"figure\">\n                        <img decoding=\"async\" src=\"\/web\/image\/6308-fa68140e\/a-captivating-photo-of-a-uniquely-styled-white-fes-khDj0xucSU-mHKuXJNFXOA-J-YRY0zDRoO6IYEHDBSV7g.jpeg?access_token=9e402c83-8637-46dd-a76a-69a09b3d36eb\" alt=\"\" class=\"figure-img img-fluid padding-large img o_we_custom_image\" data-mimetype=\"image\/webp\" data-original-id=\"6289\" data-original-src=\"\/web\/image\/6289-b55beaa7\/a-captivating-photo-of-a-uniquely-styled-white-fes-khDj0xucSU-mHKuXJNFXOA-J-YRY0zDRoO6IYEHDBSV7g.jpeg\" data-mimetype-before-conversion=\"image\/jpeg\" data-resize-width=\"690\" loading=\"lazy\"><figcaption class=\"figure-caption text-muted py-3 o_default_snippet_text\"><\/figcaption><\/figure>\n<\/p><\/div>\n<\/p><\/div>\n<\/p><\/div>\n<\/section>\n<h4><span class=\"h4-fs\"><strong>Les activit\u00e9s et les ateliers qui vous attendent&nbsp;<\/strong><\/span><\/h4>\n<p style=\"text-align: justify;\">L&#8217;\u00e9v\u00e9nement propose une vari\u00e9t\u00e9 d&#8217;activit\u00e9s con\u00e7ues pour enrichir et inspirer les participants. Les ateliers incluent :&nbsp;<\/p>\n<ul>\n<li style=\"text-align: justify;\"><strong>Conversion de Vans : apprenez des experts comment transformer votre van en un espace de vie fonctionnel et confortable.&nbsp;<\/strong><\/li>\n<li style=\"text-align: justify;\"><strong>Yoga en plein air : d\u00e9tendez-vous et connectez-vous avec la nature gr\u00e2ce \u00e0 des s\u00e9ances de yoga au bord du lac.&nbsp;<\/strong><\/li>\n<li style=\"text-align: justify;\"><strong>Ateliers DIY : participez \u00e0 des ateliers de bricolage pour personnaliser votre \u00e9quipement de camping.&nbsp;<\/strong><\/li>\n<li style=\"text-align: justify;\"><strong>Sessions de cuisine en plein air : d\u00e9couvrez des recettes et des techniques pour cuisiner en pleine nature<\/strong>.&nbsp;<\/li>\n<\/ul>\n<p><\/p>\n<h4><strong><span class=\"h4-fs\">Profitez de la musique et divertissement<\/span><\/strong><span class=\"h4-fs\"><strong>&nbsp;<\/strong><\/span><\/h4>\n<p style=\"text-align: justify;\">Les soir\u00e9es \u00e0 El Campo sont anim\u00e9es par des performances musicales vari\u00e9es. Des artistes locaux et nationaux monteront sur sc\u00e8ne pour offrir des concerts m\u00e9morables sous les \u00e9toiles. La programmation inclut des genres allant du folk au rock, en passant par la musique \u00e9lectronique, garantissant une ambiance festive et conviviale.&nbsp;<\/p>\n<p style=\"text-align: justify;\"><\/p>\n<h4 style=\"text-align: justify;\"><span class=\"h4-fs\"><strong>Rencontrez votre communaut\u00e9 et faites des rencontres&nbsp;<\/strong><\/span><\/h4>\n<p style=\"text-align: justify;\">El Campo est aussi une excellente occasion de rencontrer d&#8217;autres passionn\u00e9s de vanlife et de camping. &nbsp;<\/p>\n<p style=\"text-align: justify;\">\u00c9changez des id\u00e9es, partagez des exp\u00e9riences et cr\u00e9ez des liens durables avec des personnes partageant les m\u00eames int\u00e9r\u00eats. Des zones de discussion et de networking sont am\u00e9nag\u00e9es pour faciliter ces \u00e9changes.&nbsp;<\/p>\n<p style=\"text-align: justify;\"><\/p>\n<h4 style=\"text-align: justify;\"><strong>Pour ce qui est de l\u2019h\u00e9bergement&nbsp;<\/strong><\/h4>\n<p style=\"text-align: justify;\">Plusieurs options d&#8217;h\u00e9bergement s&#8217;offrent \u00e0 vous :<\/p>\n<p style=\"text-align: justify;\"><strong>1) Camping sur place <\/strong>: installez votre van ou votre tente dans les zones de camping pr\u00e9vues, \u00e9quip\u00e9es de toutes les commodit\u00e9s n\u00e9cessaires. &nbsp;<\/p>\n<p style=\"text-align: justify;\">2 nuits : 129$ +tx (vendredi et samedi)&nbsp;<\/p>\n<p style=\"text-align: justify;\">3 nuits : 149$ +tx (pour ceux qui d\u00e9sirent arriver d\u00e9j\u00e0 le jeudi, mais il n\u2019y aura pas de programmation comme telle le jeudi soir)&nbsp;<\/p>\n<p style=\"text-align: justify;\"><strong>2)H\u00e9bergements Locaux<\/strong> : Pour ceux qui pr\u00e9f\u00e8rent plus de confort, des partenariats avec des h\u00e9bergements locaux offrent des tarifs r\u00e9duits pour les participants.&nbsp;<\/p>\n<p style=\"text-align: justify;\">&nbsp;<\/p>\n<h4 style=\"text-align: justify;\"><strong>Pour y acc\u00e9der &nbsp;<\/strong><\/h4>\n<p><\/p>\n<p style=\"text-align: justify;\">Procurez-vous les billets pour El Campo 2024, <a>ils sont disponibles en ligne.<\/a> Les options incluent des pass journaliers ou pour l&#8217;ensemble de l&#8217;\u00e9v\u00e9nement, avec des tarifs r\u00e9duits pour les familles et les groupes.&nbsp;<\/p>\n<p style=\"text-align: justify;\"><span class=\"oe-tabs\" style=\"width: 17.058838px;\">\t<\/span>\u200b<span class=\"oe-tabs\" style=\"width: 40px;\">\t<\/span>\u200b<span class=\"oe-tabs\" style=\"width: 40px;\">\t<\/span>\u200b<span class=\"oe-tabs\" style=\"width: 40px;\">\t<\/span>\u200b<span class=\"oe-tabs\" style=\"width: 40px;\">\t<\/span>\u200b<span class=\"oe-tabs\" style=\"width: 40px;\">\t<\/span>\u200b<span class=\"oe-tabs\" style=\"width: 40px;\">\t<\/span>\u200b<span class=\"oe-tabs\" style=\"width: 40px;\">\t<\/span>\u200b<a href=\"https:\/\/lepointdevente.com\/billets\/elcampo2024\" class=\"btn btn-primary\" data-bs-original-title=\"\" title=\"\" target=\"_blank\">Billetterie&nbsp;<\/a><\/p>\n<p style=\"text-align: justify;\"><\/p>\n<p style=\"text-align: justify;\">Le festival se trouve au Lac-Brome, qui est facilement accessible en voiture et des services de navette seront disponibles depuis les principales villes environnantes.&nbsp;<\/p>\n<p style=\"text-align: center;\"><a href=\"\/\" data-bs-original-title=\"\" title=\"\"><strong>Rejoignez-nous<\/strong><\/a> pour El Campo 2024 et vivez une aventure inoubliable au c\u0153ur de la nature qu\u00e9b\u00e9coise. Que vous soyez un v\u00e9t\u00e9ran de la vanlife ou un novice curieux, cet \u00e9v\u00e9nement a quelque chose \u00e0 offrir \u00e0 tout le monde.&nbsp;<\/p>\n<p class=\"o_default_snippet_text\" style=\"text-align: center;\">&nbsp;<\/p>\n","protected":false},"excerpt":{"rendered":"<p class=\"o_default_snippet_text\" style=\"text-align: justify;\"><\/p>\n<p class=\"o_default_snippet_text\" style=\"text-align: justify;\">Pr\u00e9parez vos vans, sortez vos tentes, et rejoignez-nous au magnifique <a href=\"https:\/\/lacbrome.ca\" target=\"_blank\">Lac-Brome<\/a> pour El Campo 2024 ! Que vous soyez un passionn\u00e9 de vanlife exp\u00e9riment\u00e9 ou un curieux \u00e0 la recherche de nouvelles exp\u00e9riences, cet \u00e9v\u00e9nement est fait pour vous.&nbsp;<\/p>\n<p class=\"o_default_snippet_text\" style=\"text-align: justify;\"><\/p>\n<section class=\"s_carousel_wrapper\" data-vxml=\"001\" data-snippet=\"s_carousel\" data-name=\"Carrousel\">\n<div class=\"s_carousel s_carousel_default carousel slide\" data-bs-interval=\"10000\" id=\"myCarousel1720643299729\" style=\"background-image: none;\">\n<ol class=\"carousel-indicators o_we_no_overlay d-none\">\n<li data-bs-slide-to=\"0\" data-bs-target=\"#myCarousel1720643299729\" class=\"active\" aria-current=\"true\"><\/ol>\n<div class=\"carousel-inner\">\n<div class=\"carousel-item o_colored_level pb200 pt104 oe_img_bg o_bg_img_center active\" style='background-image: url(\"\/web\/image\/6307-557df47b\/side-view-happy-women-outdoors.webp\");' data-name=\"Slide\" data-mimetype=\"image\/webp\" data-original-id=\"6288\" data-original-src=\"\/web\/image\/6288-557df47b\/side-view-happy-women-outdoors.jpg\" data-mimetype-before-conversion=\"image\/jpeg\" data-resize-width=\"1280\">\n<div class=\"container oe_unremovable\">\n<div class=\"row\">\n<div class=\"carousel-content col-lg-8 offset-lg-2 bg-black-50 text-center pt48 pb40 o_colored_level\">\n<h2 class=\"display-3-fs o_default_snippet_text\">Le festival El Campo<\/h2>\n<p class=\"display-3-fs o_default_snippet_text\">du 30 ao\u00fbt-1 septembre 2024<\/p>\n<div class=\"s_hr pt8 pb24\" data-snippet=\"s_hr\" data-name=\"Separator\">\n<hr class=\"w-25 mx-auto\" style=\"border-top-width: 1px; border-top-style: solid;\">\n                                <\/div>\n<p class=\"lead o_default_snippet_text\">Ne ratez&nbsp;pas ce festival !<\/p>\n<p><a href=\"http:\/\/Participer%20au%20festival\" class=\"btn btn-primary\" data-bs-original-title=\"\" title=\"\" target=\"_blank\">Participer au festival<\/a><\/p>\n<\/p><\/div>\n<\/p><\/div>\n<\/p><\/div>\n<\/p><\/div>\n<\/p><\/div>\n<p>            <a class=\"carousel-control-prev o_not_editable o_we_no_overlay d-none\" data-bs-slide=\"prev\" role=\"img\" aria-label=\"Pr\u00e9c\u00e9dent\" title=\"Pr\u00e9c\u00e9dent\" href=\"#myCarousel1720643299729\"><br \/>\n                <span class=\"carousel-control-prev-icon\"><\/span><br \/>\n                <span class=\"visually-hidden o_default_snippet_text\">Pr\u00e9c\u00e9dent<\/span><br \/>\n            <\/a><br \/>\n            <a class=\"carousel-control-next o_not_editable o_we_no_overlay d-none\" data-bs-slide=\"next\" role=\"img\" aria-label=\"Suivant\" title=\"Suivant\" href=\"#myCarousel1720643299729\"><br \/>\n                <span class=\"carousel-control-next-icon\"><\/span><br \/>\n                <span class=\"visually-hidden o_default_snippet_text\">Suivant<\/span><br \/>\n            <\/a>\n        <\/div>\n<\/section>\n<p class=\"o_default_snippet_text\" style=\"text-align: justify;\"><\/p>\n<p class=\"o_default_snippet_text\" style=\"text-align: justify;\">Imaginez quatre jours de d\u00e9couverte, de partage, et de fun dans un cadre naturel \u00e0 couper le souffle !<\/p>\n<p style=\"text-align: justify;\">El Campo 2024 revient cette ann\u00e9e pour offrir une exp\u00e9rience unique aux passionn\u00e9s de vanlife, de camping et d&#8217;aventures en plein air. Situ\u00e9 au splendide Lac-Brome, cet \u00e9v\u00e9nement de quatre jours est une c\u00e9l\u00e9bration de la libert\u00e9, de la nature et de la communaut\u00e9. &nbsp;<\/p>\n<section class=\"s_picture o_colored_level o_cc o_cc1 pt0 pb0\" data-snippet=\"s_picture\" data-name=\"Image\">\n<div class=\"container\">\n<p style=\"text-align: center;\"><\/p>\n<div class=\"row s_nb_column_fixed\">\n<div class=\"col-lg-10 offset-lg-1 o_colored_level pb0\" style=\"text-align: center;\">\n<figure class=\"figure\">\n                        <img decoding=\"async\" src=\"\/web\/image\/6308-fa68140e\/a-captivating-photo-of-a-uniquely-styled-white-fes-khDj0xucSU-mHKuXJNFXOA-J-YRY0zDRoO6IYEHDBSV7g.jpeg?access_token=9e402c83-8637-46dd-a76a-69a09b3d36eb\" alt=\"\" class=\"figure-img img-fluid padding-large img o_we_custom_image\" data-mimetype=\"image\/webp\" data-original-id=\"6289\" data-original-src=\"\/web\/image\/6289-b55beaa7\/a-captivating-photo-of-a-uniquely-styled-white-fes-khDj0xucSU-mHKuXJNFXOA-J-YRY0zDRoO6IYEHDBSV7g.jpeg\" data-mimetype-before-conversion=\"image\/jpeg\" data-resize-width=\"690\" loading=\"lazy\"><figcaption class=\"figure-caption text-muted py-3 o_default_snippet_text\"><\/figcaption><\/figure>\n<\/p><\/div>\n<\/p><\/div>\n<\/p><\/div>\n<\/section>\n<h4><span class=\"h4-fs\"><strong>Les activit\u00e9s et les ateliers qui vous attendent&nbsp;<\/strong><\/span><\/h4>\n<p style=\"text-align: justify;\">L&#8217;\u00e9v\u00e9nement propose une vari\u00e9t\u00e9 d&#8217;activit\u00e9s con\u00e7ues pour enrichir et inspirer les participants. Les ateliers incluent :&nbsp;<\/p>\n<ul>\n<li style=\"text-align: justify;\"><strong>Conversion de Vans : apprenez des experts comment transformer votre van en un espace de vie fonctionnel et confortable.&nbsp;<\/strong><\/li>\n<li style=\"text-align: justify;\"><strong>Yoga en plein air : d\u00e9tendez-vous et connectez-vous avec la nature gr\u00e2ce \u00e0 des s\u00e9ances de yoga au bord du lac.&nbsp;<\/strong><\/li>\n<li style=\"text-align: justify;\"><strong>Ateliers DIY : participez \u00e0 des ateliers de bricolage pour personnaliser votre \u00e9quipement de camping.&nbsp;<\/strong><\/li>\n<li style=\"text-align: justify;\"><strong>Sessions de cuisine en plein air : d\u00e9couvrez des recettes et des techniques pour cuisiner en pleine nature<\/strong>.&nbsp;<\/li>\n<\/ul>\n<p><\/p>\n<h4><strong><span class=\"h4-fs\">Profitez de la musique et divertissement<\/span><\/strong><span class=\"h4-fs\"><strong>&nbsp;<\/strong><\/span><\/h4>\n<p style=\"text-align: justify;\">Les soir\u00e9es \u00e0 El Campo sont anim\u00e9es par des performances musicales vari\u00e9es. Des artistes locaux et nationaux monteront sur sc\u00e8ne pour offrir des concerts m\u00e9morables sous les \u00e9toiles. La programmation inclut des genres allant du folk au rock, en passant par la musique \u00e9lectronique, garantissant une ambiance festive et conviviale.&nbsp;<\/p>\n<p style=\"text-align: justify;\"><\/p>\n<h4 style=\"text-align: justify;\"><span class=\"h4-fs\"><strong>Rencontrez votre communaut\u00e9 et faites des rencontres&nbsp;<\/strong><\/span><\/h4>\n<p style=\"text-align: justify;\">El Campo est aussi une excellente occasion de rencontrer d&#8217;autres passionn\u00e9s de vanlife et de camping. &nbsp;<\/p>\n<p style=\"text-align: justify;\">\u00c9changez des id\u00e9es, partagez des exp\u00e9riences et cr\u00e9ez des liens durables avec des personnes partageant les m\u00eames int\u00e9r\u00eats. Des zones de discussion et de networking sont am\u00e9nag\u00e9es pour faciliter ces \u00e9changes.&nbsp;<\/p>\n<p style=\"text-align: justify;\"><\/p>\n<h4 style=\"text-align: justify;\"><strong>Pour ce qui est de l\u2019h\u00e9bergement&nbsp;<\/strong><\/h4>\n<p style=\"text-align: justify;\">Plusieurs options d&#8217;h\u00e9bergement s&#8217;offrent \u00e0 vous :<\/p>\n<p style=\"text-align: justify;\"><strong>1) Camping sur place <\/strong>: installez votre van ou votre tente dans les zones de camping pr\u00e9vues, \u00e9quip\u00e9es de toutes les commodit\u00e9s n\u00e9cessaires. &nbsp;<\/p>\n<p style=\"text-align: justify;\">2 nuits : 129$ +tx (vendredi et samedi)&nbsp;<\/p>\n<p style=\"text-align: justify;\">3 nuits : 149$ +tx (pour ceux qui d\u00e9sirent arriver d\u00e9j\u00e0 le jeudi, mais il n\u2019y aura pas de programmation comme telle le jeudi soir)&nbsp;<\/p>\n<p style=\"text-align: justify;\"><strong>2)H\u00e9bergements Locaux<\/strong> : Pour ceux qui pr\u00e9f\u00e8rent plus de confort, des partenariats avec des h\u00e9bergements locaux offrent des tarifs r\u00e9duits pour les participants.&nbsp;<\/p>\n<p style=\"text-align: justify;\">&nbsp;<\/p>\n<h4 style=\"text-align: justify;\"><strong>Pour y acc\u00e9der &nbsp;<\/strong><\/h4>\n<p><\/p>\n<p style=\"text-align: justify;\">Procurez-vous les billets pour El Campo 2024, <a>ils sont disponibles en ligne.<\/a> Les options incluent des pass journaliers ou pour l&#8217;ensemble de l&#8217;\u00e9v\u00e9nement, avec des tarifs r\u00e9duits pour les familles et les groupes.&nbsp;<\/p>\n<p style=\"text-align: justify;\"><span class=\"oe-tabs\" style=\"width: 17.058838px;\">\t<\/span>\u200b<span class=\"oe-tabs\" style=\"width: 40px;\">\t<\/span>\u200b<span class=\"oe-tabs\" style=\"width: 40px;\">\t<\/span>\u200b<span class=\"oe-tabs\" style=\"width: 40px;\">\t<\/span>\u200b<span class=\"oe-tabs\" style=\"width: 40px;\">\t<\/span>\u200b<span class=\"oe-tabs\" style=\"width: 40px;\">\t<\/span>\u200b<span class=\"oe-tabs\" style=\"width: 40px;\">\t<\/span>\u200b<span class=\"oe-tabs\" style=\"width: 40px;\">\t<\/span>\u200b<a href=\"https:\/\/lepointdevente.com\/billets\/elcampo2024\" class=\"btn btn-primary\" data-bs-original-title=\"\" title=\"\" target=\"_blank\">Billetterie&nbsp;<\/a><\/p>\n<p style=\"text-align: justify;\"><\/p>\n<p style=\"text-align: justify;\">Le festival se trouve au Lac-Brome, qui est facilement accessible en voiture et des services de navette seront disponibles depuis les principales villes environnantes.&nbsp;<\/p>\n<p style=\"text-align: center;\"><a href=\"\/\" data-bs-original-title=\"\" title=\"\"><strong>Rejoignez-nous<\/strong><\/a> pour El Campo 2024 et vivez une aventure inoubliable au c\u0153ur de la nature qu\u00e9b\u00e9coise. Que vous soyez un v\u00e9t\u00e9ran de la vanlife ou un novice curieux, cet \u00e9v\u00e9nement a quelque chose \u00e0 offrir \u00e0 tout le monde.&nbsp;<\/p>\n<p class=\"o_default_snippet_text\" style=\"text-align: center;\">&nbsp;<\/p>\n","protected":false},"author":6,"featured_media":1592,"comment_status":"open","ping_status":"open","sticky":false,"template":"","format":"standard","meta":{"content-type":"","footnotes":""},"categories":[24],"tags":[],"class_list":["post-1506","post","type-post","status-publish","format-standard","has-post-thumbnail","hentry","category-bons-plans"],"_links":{"self":[{"href":"https:\/\/shoebill-campervan.ca\/en\/wp-json\/wp\/v2\/posts\/1506","targetHints":{"allow":["GET"]}}],"collection":[{"href":"https:\/\/shoebill-campervan.ca\/en\/wp-json\/wp\/v2\/posts"}],"about":[{"href":"https:\/\/shoebill-campervan.ca\/en\/wp-json\/wp\/v2\/types\/post"}],"author":[{"embeddable":true,"href":"https:\/\/shoebill-campervan.ca\/en\/wp-json\/wp\/v2\/users\/6"}],"replies":[{"embeddable":true,"href":"https:\/\/shoebill-campervan.ca\/en\/wp-json\/wp\/v2\/comments?post=1506"}],"version-history":[{"count":0,"href":"https:\/\/shoebill-campervan.ca\/en\/wp-json\/wp\/v2\/posts\/1506\/revisions"}],"wp:featuredmedia":[{"embeddable":true,"href":"https:\/\/shoebill-campervan.ca\/en\/wp-json\/wp\/v2\/media\/1592"}],"wp:attachment":[{"href":"https:\/\/shoebill-campervan.ca\/en\/wp-json\/wp\/v2\/media?parent=1506"}],"wp:term":[{"taxonomy":"category","embeddable":true,"href":"https:\/\/shoebill-campervan.ca\/en\/wp-json\/wp\/v2\/categories?post=1506"},{"taxonomy":"post_tag","embeddable":true,"href":"https:\/\/shoebill-campervan.ca\/en\/wp-json\/wp\/v2\/tags?post=1506"}],"curies":[{"name":"wp","href":"https:\/\/api.w.org\/{rel}","templated":true}]}}