{"id":1498,"date":"2024-08-14T14:04:32","date_gmt":"2024-08-14T18:04:32","guid":{"rendered":"https:\/\/shoebill-campervan.ca\/2025\/12\/06\/decouvrez-les-4-secrets-des-campervans\/"},"modified":"2025-12-06T15:12:53","modified_gmt":"2025-12-06T19:12:53","slug":"decouvrez-les-4-secrets-des-campervans","status":"publish","type":"post","link":"https:\/\/shoebill-campervan.ca\/en\/2024\/08\/14\/decouvrez-les-4-secrets-des-campervans\/","title":{"rendered":"D\u00e9couvrez les 4 secrets des campervans"},"content":{"rendered":"<p style=\"text-align: center;\"><\/p>\n<section class=\"s_parallax parallax s_parallax_is_fixed bg-black-50 o_half_screen_height o_colored_level\" data-scroll-background-ratio=\"1\" data-snippet=\"s_parallax\" data-name=\"Parallaxe\" style=\"background-image: none;\">\n        <span class=\"s_parallax_bg oe_img_bg o_bg_img_center\" style='background-image: url(\"\/unsplash\/LUfmqLfEAoE\/7462\/campervan.jpg?unique=034ba038\"); background-position: 50% 75%;' data-mimetype=\"image\/webp\" data-original-id=\"7458\" data-original-src=\"\/unsplash\/LUfmqLfEAoE\/campervan.jpg?unique=034ba038\" data-mimetype-before-conversion=\"image\/jpeg\" data-resize-width=\"1920\"><\/span><\/p>\n<div class=\"o_we_bg_filter bg-black-50\"><\/div>\n<div class=\"oe_structure oe_empty\" data-editor-message-default=\"true\" data-editor-message=\"GLISSEZ UN BLOC ICI\">\n<section class=\"s_text_block o_colored_level pb0 pt0\" data-snippet=\"s_text_block\" data-name=\"Texte\" style=\"background-image: none;\">\n<div class=\"container s_allow_columns\">\n<p class=\"o_default_snippet_text\" style=\"text-align: center;\">Les campervans ! Ces v\u00e9hicules am\u00e9nag\u00e9s pour le camping, sont bien plus que de simples moyens de transport pour les aventuriers. Ils portent en eux une histoire riche et pleine de surprises, alliant faits scientifiques, anecdotes et lieux r\u00e9els qui sauront captiver tant les amateurs que les utilisateurs aguerris.&nbsp;<\/p>\n<p class=\"o_default_snippet_text\" style=\"text-align: center;\">Voici un voyage au c\u0153ur des secrets les mieux gard\u00e9s des campervans.<\/p>\n<\/div>\n<\/section>\n<\/div>\n<\/section>\n<p style=\"text-align: center;\"><\/p>\n<h2><span class=\"h3-fs\">Secret n\u00b01 : l&#8217;origine historique du campervan<\/span><\/h2>\n<p style=\"text-align: justify;\">Bien avant que le terme &#8220;campervan&#8221; ne devienne populaire, l&#8217;id\u00e9e de transformer des v\u00e9hicules en logements mobiles existait d\u00e9j\u00e0. Le premier v\u00e9hicule reconnu comme un &#8220;campervan&#8221; est n\u00e9 en Allemagne, en 1950, avec le lancement du Volkswagen Type 2. Connu sous le nom de &#8220;Kombi&#8221; ou &#8220;Transporter&#8221;, ce mod\u00e8le est devenu le symbole d&#8217;une g\u00e9n\u00e9ration en qu\u00eate de libert\u00e9 et d&#8217;aventure.<\/p>\n<section class=\"s_text_image o_colored_level pt0 pb24\" data-snippet=\"s_image_text\" data-name=\"Image - Texte\" style=\"background-image: none;\">\n<div class=\"container\">\n<div class=\"row align-items-start\">\n<div class=\"col-lg-6 pt16 pb16 o_colored_level\">\n                    <img decoding=\"async\" src=\"\/unsplash\/MUkPELmgBfY\/Kombi.jpg?unique=e95c2044\" alt=\"teal Volkswagen Samba\" class=\"img img-fluid mx-auto o_we_custom_image\" loading=\"lazy\">\n                <\/div>\n<div class=\"col-lg-6 o_colored_level pb0 pt0\">\n<p class=\"o_default_snippet_text\" style=\"text-align: justify;\">Ce n&#8217;est pas un hasard si ce van a \u00e9t\u00e9 adopt\u00e9 par les surfeurs des ann\u00e9es 60, qui en ont fait leur refuge mobile, roulant le long des c\u00f4tes californiennes en qu\u00eate de la vague parfaite.<\/p>\n<\/p><\/div>\n<\/p><\/div>\n<\/p><\/div>\n<\/section>\n<h2><span class=\"h3-fs\">Secret n\u00b02 : les Campervans et \u00e9cologie, un retour \u00e0 la nature<\/span><\/h2>\n<p style=\"text-align: justify;\">Avec l&#8217;essor des pr\u00e9occupations environnementales, les campervans modernes sont de plus en plus con\u00e7us pour minimiser leur impact \u00e9cologique. Gr\u00e2ce \u00e0 des innovations comme les panneaux solaires, les syst\u00e8mes de r\u00e9cup\u00e9ration d&#8217;eau de pluie, et les toilettes s\u00e8ches, ces v\u00e9hicules sont capables de fonctionner de mani\u00e8re quasi autonome. De nombreux utilisateurs choisissent cette option pour r\u00e9duire leur empreinte carbone tout en restant connect\u00e9s \u00e0 la nature.<\/p>\n<section class=\"s_text_image pt32 pb32 o_colored_level\" data-snippet=\"s_text_image\" data-name=\"Texte - Image\" style=\"background-image: none;\">\n<div class=\"container\">\n<div class=\"row align-items-center\">\n<div class=\"col-lg-6 pt16 pb16 o_colored_level\">\n<p class=\"o_default_snippet_text\" style=\"text-align: justify;\">Un fait peu connu : en 2019, un groupe d\u2019amis en Australie a install\u00e9 un petit jardin sur le toit de leur campervan, cultivant ainsi des l\u00e9gumes frais tout au long de leur voyage \u00e0 travers le pays. Ce type d\u2019initiative montre que l&#8217;autonomie et l\u2019\u00e9cologie peuvent aller de pair avec le style de vie &#8220;vanlife&#8221;.<\/p>\n<\/p><\/div>\n<div class=\"col-lg-6 pt16 pb16 o_colored_level\">\n                    <img decoding=\"async\" src=\"\/web\/image\/7463-99e533d6\/PXL_20230605_114939624.jpg?access_token=929be020-d2b3-4419-a25f-91bac3480101\" alt=\"\" class=\"img img-fluid mx-auto o_we_custom_image\" data-mimetype=\"image\/webp\" data-original-id=\"7461\" data-original-src=\"\/web\/image\/7461-06c718cd\/PXL_20230605_114939624.jpg\" data-mimetype-before-conversion=\"image\/jpeg\" data-resize-width=\"690\" loading=\"lazy\">\n                <\/div>\n<\/p><\/div>\n<\/p><\/div>\n<\/section>\n<h2><span class=\"h3-fs\">Secret n\u00b03 : les anecdotes insolites des campervans<\/span><\/h2>\n<p style=\"text-align: justify;\">Des chercheurs en Islande ont converti un campervan en un laboratoire mobile pour \u00e9tudier les aurores bor\u00e9ales. Ce v\u00e9hicule permettait aux scientifiques de se d\u00e9placer rapidement d&#8217;un endroit \u00e0 l&#8217;autre en fonction des conditions m\u00e9t\u00e9orologiques, optimisant ainsi leurs chances d&#8217;observer ce ph\u00e9nom\u00e8ne naturel spectaculaire.&nbsp;<\/p>\n<p style=\"text-align: justify;\">Nous montrant comment les campervans peuvent \u00eatre utilis\u00e9s bien au-del\u00e0 du simple camping, devenant de v\u00e9ritables outils pour des projets scientifiques\u200b.&nbsp;<\/p>\n<h2><span class=\"h3-fs\">Secret n\u00b04 : les meilleures destinations pour les amateurs de campervans&nbsp;<\/span><\/h2>\n<p style=\"text-align: justify;\">Pour les passionn\u00e9s de campervan, certaines destinations sont incontournables. Le <a href=\"\/r\/P8a\" data-bs-original-title=\"\" title=\"\"><strong>Parc national de Banff,<\/strong><\/a> au Canada, ou encore le <a href=\"\/r\/Wst\"><strong>Parc national Jacques Cartier <\/strong><\/a><strong><\/strong>dans&nbsp;la r\u00e9gion Gasp\u00e9sie, sont des &nbsp;exemple parfait. Leurs&nbsp;paysages \u00e9poustouflants, leurs&nbsp;lacs cristallins et&nbsp;routes sinueuses offrent un cadre id\u00e9al pour ceux qui veulent vivre une aventure en pleine nature tout en b\u00e9n\u00e9ficiant du confort de leur van. &nbsp;<\/p>\n<p style=\"text-align: justify;\"><\/p>\n<p style=\"text-align: center;\">Les campervans sont bien plus que de simples v\u00e9hicules ; ils incarnent un mode de vie, une philosophie de libert\u00e9 et d&#8217;exploration. \u00c0 travers des faits m\u00e9connus et des anecdotes insolites, nous d\u00e9couvrons que le monde des campervans est en constante \u00e9volution, int\u00e9grant des innovations \u00e9cologiques et offrant des exp\u00e9riences uniques \u00e0 ses utilisateurs.&nbsp;<\/p>\n<p style=\"text-align: center;\">Que vous soyez un voyageur aguerri ou un n\u00e9ophyte, il y a toujours quelque chose de nouveau \u00e0 apprendre et \u00e0 vivre avec un campervan.<\/p>\n","protected":false},"excerpt":{"rendered":"<p style=\"text-align: center;\"><\/p>\n<section class=\"s_parallax parallax s_parallax_is_fixed bg-black-50 o_half_screen_height o_colored_level\" data-scroll-background-ratio=\"1\" data-snippet=\"s_parallax\" data-name=\"Parallaxe\" style=\"background-image: none;\">\n        <span class=\"s_parallax_bg oe_img_bg o_bg_img_center\" style='background-image: url(\"\/unsplash\/LUfmqLfEAoE\/7462\/campervan.jpg?unique=034ba038\"); background-position: 50% 75%;' data-mimetype=\"image\/webp\" data-original-id=\"7458\" data-original-src=\"\/unsplash\/LUfmqLfEAoE\/campervan.jpg?unique=034ba038\" data-mimetype-before-conversion=\"image\/jpeg\" data-resize-width=\"1920\"><\/span><\/p>\n<div class=\"o_we_bg_filter bg-black-50\"><\/div>\n<div class=\"oe_structure oe_empty\" data-editor-message-default=\"true\" data-editor-message=\"GLISSEZ UN BLOC ICI\">\n<section class=\"s_text_block o_colored_level pb0 pt0\" data-snippet=\"s_text_block\" data-name=\"Texte\" style=\"background-image: none;\">\n<div class=\"container s_allow_columns\">\n<p class=\"o_default_snippet_text\" style=\"text-align: center;\">Les campervans ! Ces v\u00e9hicules am\u00e9nag\u00e9s pour le camping, sont bien plus que de simples moyens de transport pour les aventuriers. Ils portent en eux une histoire riche et pleine de surprises, alliant faits scientifiques, anecdotes et lieux r\u00e9els qui sauront captiver tant les amateurs que les utilisateurs aguerris.&nbsp;<\/p>\n<p class=\"o_default_snippet_text\" style=\"text-align: center;\">Voici un voyage au c\u0153ur des secrets les mieux gard\u00e9s des campervans.<\/p>\n<\/div>\n<\/section>\n<\/div>\n<\/section>\n<p style=\"text-align: center;\"><\/p>\n<h2><span class=\"h3-fs\">Secret n\u00b01 : l&#8217;origine historique du campervan<\/span><\/h2>\n<p style=\"text-align: justify;\">Bien avant que le terme &#8220;campervan&#8221; ne devienne populaire, l&#8217;id\u00e9e de transformer des v\u00e9hicules en logements mobiles existait d\u00e9j\u00e0. Le premier v\u00e9hicule reconnu comme un &#8220;campervan&#8221; est n\u00e9 en Allemagne, en 1950, avec le lancement du Volkswagen Type 2. Connu sous le nom de &#8220;Kombi&#8221; ou &#8220;Transporter&#8221;, ce mod\u00e8le est devenu le symbole d&#8217;une g\u00e9n\u00e9ration en qu\u00eate de libert\u00e9 et d&#8217;aventure.<\/p>\n<section class=\"s_text_image o_colored_level pt0 pb24\" data-snippet=\"s_image_text\" data-name=\"Image - Texte\" style=\"background-image: none;\">\n<div class=\"container\">\n<div class=\"row align-items-start\">\n<div class=\"col-lg-6 pt16 pb16 o_colored_level\">\n                    <img decoding=\"async\" src=\"\/unsplash\/MUkPELmgBfY\/Kombi.jpg?unique=e95c2044\" alt=\"teal Volkswagen Samba\" class=\"img img-fluid mx-auto o_we_custom_image\" loading=\"lazy\">\n                <\/div>\n<div class=\"col-lg-6 o_colored_level pb0 pt0\">\n<p class=\"o_default_snippet_text\" style=\"text-align: justify;\">Ce n&#8217;est pas un hasard si ce van a \u00e9t\u00e9 adopt\u00e9 par les surfeurs des ann\u00e9es 60, qui en ont fait leur refuge mobile, roulant le long des c\u00f4tes californiennes en qu\u00eate de la vague parfaite.<\/p>\n<\/p><\/div>\n<\/p><\/div>\n<\/p><\/div>\n<\/section>\n<h2><span class=\"h3-fs\">Secret n\u00b02 : les Campervans et \u00e9cologie, un retour \u00e0 la nature<\/span><\/h2>\n<p style=\"text-align: justify;\">Avec l&#8217;essor des pr\u00e9occupations environnementales, les campervans modernes sont de plus en plus con\u00e7us pour minimiser leur impact \u00e9cologique. Gr\u00e2ce \u00e0 des innovations comme les panneaux solaires, les syst\u00e8mes de r\u00e9cup\u00e9ration d&#8217;eau de pluie, et les toilettes s\u00e8ches, ces v\u00e9hicules sont capables de fonctionner de mani\u00e8re quasi autonome. De nombreux utilisateurs choisissent cette option pour r\u00e9duire leur empreinte carbone tout en restant connect\u00e9s \u00e0 la nature.<\/p>\n<section class=\"s_text_image pt32 pb32 o_colored_level\" data-snippet=\"s_text_image\" data-name=\"Texte - Image\" style=\"background-image: none;\">\n<div class=\"container\">\n<div class=\"row align-items-center\">\n<div class=\"col-lg-6 pt16 pb16 o_colored_level\">\n<p class=\"o_default_snippet_text\" style=\"text-align: justify;\">Un fait peu connu : en 2019, un groupe d\u2019amis en Australie a install\u00e9 un petit jardin sur le toit de leur campervan, cultivant ainsi des l\u00e9gumes frais tout au long de leur voyage \u00e0 travers le pays. Ce type d\u2019initiative montre que l&#8217;autonomie et l\u2019\u00e9cologie peuvent aller de pair avec le style de vie &#8220;vanlife&#8221;.<\/p>\n<\/p><\/div>\n<div class=\"col-lg-6 pt16 pb16 o_colored_level\">\n                    <img decoding=\"async\" src=\"\/web\/image\/7463-99e533d6\/PXL_20230605_114939624.jpg?access_token=929be020-d2b3-4419-a25f-91bac3480101\" alt=\"\" class=\"img img-fluid mx-auto o_we_custom_image\" data-mimetype=\"image\/webp\" data-original-id=\"7461\" data-original-src=\"\/web\/image\/7461-06c718cd\/PXL_20230605_114939624.jpg\" data-mimetype-before-conversion=\"image\/jpeg\" data-resize-width=\"690\" loading=\"lazy\">\n                <\/div>\n<\/p><\/div>\n<\/p><\/div>\n<\/section>\n<h2><span class=\"h3-fs\">Secret n\u00b03 : les anecdotes insolites des campervans<\/span><\/h2>\n<p style=\"text-align: justify;\">Des chercheurs en Islande ont converti un campervan en un laboratoire mobile pour \u00e9tudier les aurores bor\u00e9ales. Ce v\u00e9hicule permettait aux scientifiques de se d\u00e9placer rapidement d&#8217;un endroit \u00e0 l&#8217;autre en fonction des conditions m\u00e9t\u00e9orologiques, optimisant ainsi leurs chances d&#8217;observer ce ph\u00e9nom\u00e8ne naturel spectaculaire.&nbsp;<\/p>\n<p style=\"text-align: justify;\">Nous montrant comment les campervans peuvent \u00eatre utilis\u00e9s bien au-del\u00e0 du simple camping, devenant de v\u00e9ritables outils pour des projets scientifiques\u200b.&nbsp;<\/p>\n<h2><span class=\"h3-fs\">Secret n\u00b04 : les meilleures destinations pour les amateurs de campervans&nbsp;<\/span><\/h2>\n<p style=\"text-align: justify;\">Pour les passionn\u00e9s de campervan, certaines destinations sont incontournables. Le <a href=\"\/r\/P8a\" data-bs-original-title=\"\" title=\"\"><strong>Parc national de Banff,<\/strong><\/a> au Canada, ou encore le <a href=\"\/r\/Wst\"><strong>Parc national Jacques Cartier <\/strong><\/a><strong><\/strong>dans&nbsp;la r\u00e9gion Gasp\u00e9sie, sont des &nbsp;exemple parfait. Leurs&nbsp;paysages \u00e9poustouflants, leurs&nbsp;lacs cristallins et&nbsp;routes sinueuses offrent un cadre id\u00e9al pour ceux qui veulent vivre une aventure en pleine nature tout en b\u00e9n\u00e9ficiant du confort de leur van. &nbsp;<\/p>\n<p style=\"text-align: justify;\"><\/p>\n<p style=\"text-align: center;\">Les campervans sont bien plus que de simples v\u00e9hicules ; ils incarnent un mode de vie, une philosophie de libert\u00e9 et d&#8217;exploration. \u00c0 travers des faits m\u00e9connus et des anecdotes insolites, nous d\u00e9couvrons que le monde des campervans est en constante \u00e9volution, int\u00e9grant des innovations \u00e9cologiques et offrant des exp\u00e9riences uniques \u00e0 ses utilisateurs.&nbsp;<\/p>\n<p style=\"text-align: center;\">Que vous soyez un voyageur aguerri ou un n\u00e9ophyte, il y a toujours quelque chose de nouveau \u00e0 apprendre et \u00e0 vivre avec un campervan.<\/p>\n","protected":false},"author":6,"featured_media":1569,"comment_status":"open","ping_status":"open","sticky":false,"template":"","format":"standard","meta":{"content-type":"","footnotes":""},"categories":[32],"tags":[],"class_list":["post-1498","post","type-post","status-publish","format-standard","has-post-thumbnail","hentry","category-voyage"],"_links":{"self":[{"href":"https:\/\/shoebill-campervan.ca\/en\/wp-json\/wp\/v2\/posts\/1498","targetHints":{"allow":["GET"]}}],"collection":[{"href":"https:\/\/shoebill-campervan.ca\/en\/wp-json\/wp\/v2\/posts"}],"about":[{"href":"https:\/\/shoebill-campervan.ca\/en\/wp-json\/wp\/v2\/types\/post"}],"author":[{"embeddable":true,"href":"https:\/\/shoebill-campervan.ca\/en\/wp-json\/wp\/v2\/users\/6"}],"replies":[{"embeddable":true,"href":"https:\/\/shoebill-campervan.ca\/en\/wp-json\/wp\/v2\/comments?post=1498"}],"version-history":[{"count":0,"href":"https:\/\/shoebill-campervan.ca\/en\/wp-json\/wp\/v2\/posts\/1498\/revisions"}],"wp:featuredmedia":[{"embeddable":true,"href":"https:\/\/shoebill-campervan.ca\/en\/wp-json\/wp\/v2\/media\/1569"}],"wp:attachment":[{"href":"https:\/\/shoebill-campervan.ca\/en\/wp-json\/wp\/v2\/media?parent=1498"}],"wp:term":[{"taxonomy":"category","embeddable":true,"href":"https:\/\/shoebill-campervan.ca\/en\/wp-json\/wp\/v2\/categories?post=1498"},{"taxonomy":"post_tag","embeddable":true,"href":"https:\/\/shoebill-campervan.ca\/en\/wp-json\/wp\/v2\/tags?post=1498"}],"curies":[{"name":"wp","href":"https:\/\/api.w.org\/{rel}","templated":true}]}}